{"id":2428,"date":"2026-01-16T22:16:29","date_gmt":"2026-01-16T22:16:29","guid":{"rendered":"https:\/\/uniwersytet.krokowa.pl\/?p=2428"},"modified":"2026-04-10T20:13:26","modified_gmt":"2026-04-10T20:13:26","slug":"harmonogram-zajec-na-ii-polrocze-2025-2026","status":"publish","type":"post","link":"https:\/\/uniwersytet.krokowa.pl\/?p=2428","title":{"rendered":"HARMONOGRAM ZAJ\u0118\u0106 NA II P\u00d3\u0141ROCZE 2025\/2026"},"content":{"rendered":"\n<p><strong>LUTY<\/strong><\/p>\n\n\n\n<p>04. 02. &#8211; WYK\u0141AD PROZDROWOTNY dra Wojciecha Targowskiego &#8211;  godz15.30 \u015bwietlica w Minkowicach<\/p>\n\n\n\n<p>11. 02. &#8211; SPOTKANIE TANECZNE <em>&#8222;Z Walentym przy p\u0105czku&#8221; <\/em>(propozycja) \u015bwietlica Odargowo-<strong>ODWO\u0141ANE !!!<\/strong> <\/p>\n\n\n\n<p>25. 02. &#8211; WYK\u0141AD Z PSYCHOLOGII p. Magdaleny \u017belewskiej &#8211;  godz.15.30 \u015bwietlica w Minkowicach<\/p>\n\n\n\n<p><strong>MARZEC<\/strong><\/p>\n\n\n\n<p>11. 03. &#8211; <em>DZIE\u0143<\/em>  z ciekawym filmem &#8211; <strong>&#8222;Dalej jazda&#8221;<\/strong> (program grupy MADAMY w innym terminie)<\/p>\n\n\n\n<p>25. 03. &#8211; WYK\u0141AD  Z  PSYCHOLOGII kol. Magdy \u017belewskiej &#8211; godz.15.30 \u015bwietlica w Minkowicach<\/p>\n\n\n\n<p><strong>KWIECIE\u0143<\/strong><\/p>\n\n\n\n<p>08. 04. &#8211; \u0141\u00d3D\u0179 &#8211; MIASTO WARTE ODKRYCIA &#8211; prelekcja pa\u0144: M. Wasilewskiej i B. Pocz\u0119tej<\/p>\n\n\n\n<p>20 &#8211; 23. 04. &#8211; WYJAZD REKREACYJNY  EIC &#8211; Guba\u0142\u00f3wka &#8211; HOTEL **** &#8221;Rezydencja Nova&#8221;<\/p>\n\n\n\n<p>29. 04. &#8211; WYK\u0141AD  Z PSYCHOLOGII kol. Magdy \u017belewskiej &#8211; godz15.30 \u015bwietlica w Minkowicach<\/p>\n\n\n\n<p><strong>MAJ<\/strong><\/p>\n\n\n\n<p> 07. &#8211; 08. 05. &#8211; WYJAZD EDUKACYJNY <em>Szlakiem Dwor\u00f3w i Pa\u0142ac\u00f3w<\/em> &#8211; trasa zachodnia woj. pomorskiego<\/p>\n\n\n\n<p>20. 05. &#8211; PODSUMOWANIE ROKU AKADEMICKIEGO &#8211; spotkanie przy ognisku<\/p>\n\n\n\n<p><strong>CZERWIEC<\/strong><\/p>\n\n\n\n<p>10. 06. &#8211;  UROCZYSTO\u015a\u0106 ZAKO\u0143CZENIA ROKU AKADEMICKIEGO<\/p>\n\n\n\n<p><strong>II <em>Zaj\u0119cia cykliczne<\/em><\/strong><\/p>\n\n\n\n<ol start=\"1\" class=\"wp-block-list\">\n<li>Zaj\u0119cia w basenie \u2013 gimnastyka \u2013 prowadz\u0105ca Monika Lipska \u2013 godz. 8.45 \u2013 ka\u017cdy wtorek i czwartek \u2013 basen Cetniewo<\/li>\n\n\n\n<li>Zaj\u0119cia pilates \u2013 prowadz\u0105ca Klaudia Zaczek \u2013 godz. 18.00 \u2013 ka\u017cdy wtorek \u2013 Dom Kultury S\u0142awoszyno<\/li>\n\n\n\n<li>Zaj\u0119cia plastyczne &#8211; prowadz\u0105ca Danuta Okulska \u2013 godz. 11. 00 \u2013 ka\u017cdy poniedzia\u0142ek \u2013 Rybacz\u00f3wka \u2013 D\u0119bki<\/li>\n\n\n\n<li>J\u0119zyk angielski dla pocz\u0105tkuj\u0105cych \u2013 prowadz\u0105ca Ma\u0142gorzata Wasilewska \u2013 ka\u017cda \u015broda, kiedy s\u0105 wyk\u0142ady \u2013 godz. 10.00 (nowy lokal SUTW w Krokowej)<\/li>\n\n\n\n<li>Spotkania Klubu Filmowego \u2013 czwartki raz w miesi\u0105cu; dyskusja, projekcja filmu (nowy lokal SUTW) wyjazdy do kina.<\/li>\n\n\n\n<li>Spotkania Klubu Ksi\u0105\u017cki \u2013 raz w miesi\u0105cu od stycznia\u20192026 ( nowy lokal SUTW); wsp\u00f3\u0142praca z Bibliotek\u0105 Gminn\u0105 w Krokowej.<\/li>\n\n\n\n<li>Gry stolikowe \u2013 termin uzgadniany na bie\u017c\u0105co &#8211; prowadz\u0105ca Gra\u017cyna Soldatk (nowy lokal SUTW) .<\/li>\n\n\n\n<li>Zaj\u0119cia teatralne \u2013 prowadz\u0105ca Jadwiga \u0141owejko &#8211; termin i miejsce uzgadniane na bie\u017c\u0105co.<\/li>\n<\/ol>\n\n\n\n<p><strong>III <em>Trening uwa\u017cno\u015bci \u2013 zaj\u0119cia w dw\u00f3ch grupach<\/em><\/strong>  (1 grupa 12.15 -13.45)    (2 grupa 14.00 \u2013 15.30)<\/p>\n\n\n\n<p>Zaj\u0119cia odb\u0119d\u0105 si\u0119 w \u015bwietlicy wiejskiej w Odargowie, w nast\u0119puj\u0105cych terminach:<\/p>\n\n\n\n<p>Poniedzia\u0142ki:<strong> 02. 02<\/strong>., <strong>09. 02., 16. 02., 23. 02., 02. 03. 2026 r.<\/strong><\/p>\n\n\n\n<p>&nbsp;&nbsp;&nbsp;&nbsp;&nbsp;&nbsp;&nbsp;&nbsp;&nbsp;&nbsp;&nbsp;<\/p>\n\n\n\n<p><strong>SERDECZNIE ZAPRASZAMY DO WSP\u00d3LNYCH AKTYWNO\u015aCI<\/strong><\/p>\n\n\n\n<p><\/p>\n","protected":false},"excerpt":{"rendered":"<p>LUTY 04. 02. &#8211; WYK\u0141AD PROZDROWOTNY dra Wojciecha Targowskiego &#8211; godz15.30 \u015bwietlica w Minkowicach 11. 02. &#8211; SPOTKANIE TANECZNE &#8222;Z<\/p>\n","protected":false},"author":1,"featured_media":0,"comment_status":"closed","ping_status":"","sticky":false,"template":"","format":"standard","meta":{"colormag_page_container_layout":"default_layout","colormag_page_sidebar_layout":"default_layout","footnotes":""},"categories":[2],"tags":[],"class_list":["post-2428","post","type-post","status-publish","format-standard","hentry","category-informacje"],"_links":{"self":[{"href":"https:\/\/uniwersytet.krokowa.pl\/index.php?rest_route=\/wp\/v2\/posts\/2428","targetHints":{"allow":["GET"]}}],"collection":[{"href":"https:\/\/uniwersytet.krokowa.pl\/index.php?rest_route=\/wp\/v2\/posts"}],"about":[{"href":"https:\/\/uniwersytet.krokowa.pl\/index.php?rest_route=\/wp\/v2\/types\/post"}],"author":[{"embeddable":true,"href":"https:\/\/uniwersytet.krokowa.pl\/index.php?rest_route=\/wp\/v2\/users\/1"}],"replies":[{"embeddable":true,"href":"https:\/\/uniwersytet.krokowa.pl\/index.php?rest_route=%2Fwp%2Fv2%2Fcomments&post=2428"}],"version-history":[{"count":12,"href":"https:\/\/uniwersytet.krokowa.pl\/index.php?rest_route=\/wp\/v2\/posts\/2428\/revisions"}],"predecessor-version":[{"id":2455,"href":"https:\/\/uniwersytet.krokowa.pl\/index.php?rest_route=\/wp\/v2\/posts\/2428\/revisions\/2455"}],"wp:attachment":[{"href":"https:\/\/uniwersytet.krokowa.pl\/index.php?rest_route=%2Fwp%2Fv2%2Fmedia&parent=2428"}],"wp:term":[{"taxonomy":"category","embeddable":true,"href":"https:\/\/uniwersytet.krokowa.pl\/index.php?rest_route=%2Fwp%2Fv2%2Fcategories&post=2428"},{"taxonomy":"post_tag","embeddable":true,"href":"https:\/\/uniwersytet.krokowa.pl\/index.php?rest_route=%2Fwp%2Fv2%2Ftags&post=2428"}],"curies":[{"name":"wp","href":"https:\/\/api.w.org\/{rel}","templated":true}]}}