{"id":2313,"date":"2025-10-14T20:48:27","date_gmt":"2025-10-14T20:48:27","guid":{"rendered":"https:\/\/uniwersytet.krokowa.pl\/?p=2313"},"modified":"2025-10-14T20:48:27","modified_gmt":"2025-10-14T20:48:27","slug":"rozpoczecie-kolejnego-roku-akademickiego-w-sutw-w-krokowej","status":"publish","type":"post","link":"https:\/\/uniwersytet.krokowa.pl\/?p=2313","title":{"rendered":"Rozpocz\u0119cie kolejnego roku akademickiego                   w SUTW w Krokowej"},"content":{"rendered":"\n<figure class=\"wp-block-image aligncenter size-large is-resized\"><img loading=\"lazy\" decoding=\"async\" width=\"1024\" height=\"576\" src=\"https:\/\/uniwersytet.krokowa.pl\/wp-content\/uploads\/2025\/10\/img-20251003-wa0010-1024x576.jpg\" alt=\"\" class=\"wp-image-2315\" style=\"width:533px;height:auto\" srcset=\"https:\/\/uniwersytet.krokowa.pl\/wp-content\/uploads\/2025\/10\/img-20251003-wa0010-1024x576.jpg 1024w, https:\/\/uniwersytet.krokowa.pl\/wp-content\/uploads\/2025\/10\/img-20251003-wa0010-300x169.jpg 300w, https:\/\/uniwersytet.krokowa.pl\/wp-content\/uploads\/2025\/10\/img-20251003-wa0010-768x432.jpg 768w, https:\/\/uniwersytet.krokowa.pl\/wp-content\/uploads\/2025\/10\/img-20251003-wa0010-1536x864.jpg 1536w, https:\/\/uniwersytet.krokowa.pl\/wp-content\/uploads\/2025\/10\/img-20251003-wa0010.jpg 1600w\" sizes=\"auto, (max-width: 1024px) 100vw, 1024px\" \/><\/figure>\n\n\n\n<p>Pierwszego pa\u017adziernika 2025 r., akurat w \u015brod\u0119, wraz z pozosta\u0142ymi studentami w Polsce uroczy\u015bcie inaugurowali\u015bmy nowy rok akademicki. <\/p>\n\n\n\n<p>Cz\u0119\u015b\u0107 oficjalna przeznaczona by\u0142a przede wszystkim podaniu informacji dotycz\u0105cych plan\u00f3w na ten rok, podsumowaniu naszych dzia\u0142a\u0144 w czasie wakacji oraz om\u00f3wieniu harmonogramu zbli\u017caj\u0105cej si\u0119        wycieczki do Poznania.<\/p>\n\n\n\n<figure class=\"wp-block-image aligncenter size-large is-resized\"><img loading=\"lazy\" decoding=\"async\" width=\"1024\" height=\"576\" src=\"https:\/\/uniwersytet.krokowa.pl\/wp-content\/uploads\/2025\/10\/img-20251003-wa0007-1024x576.jpg\" alt=\"\" class=\"wp-image-2316\" style=\"width:683px;height:auto\" srcset=\"https:\/\/uniwersytet.krokowa.pl\/wp-content\/uploads\/2025\/10\/img-20251003-wa0007-1024x576.jpg 1024w, https:\/\/uniwersytet.krokowa.pl\/wp-content\/uploads\/2025\/10\/img-20251003-wa0007-300x169.jpg 300w, https:\/\/uniwersytet.krokowa.pl\/wp-content\/uploads\/2025\/10\/img-20251003-wa0007-768x432.jpg 768w, https:\/\/uniwersytet.krokowa.pl\/wp-content\/uploads\/2025\/10\/img-20251003-wa0007-1536x864.jpg 1536w, https:\/\/uniwersytet.krokowa.pl\/wp-content\/uploads\/2025\/10\/img-20251003-wa0007.jpg 1600w\" sizes=\"auto, (max-width: 1024px) 100vw, 1024px\" \/><\/figure>\n\n\n\n<p>Spotkanie u\u015bwietni\u0142 wyst\u0119p zaprzyja\u017anionych muzyk\u00f3w z zespo\u0142u <strong>4razywroku.<\/strong>                                                        Us\u0142yszeli\u015bmy wybrane utwory, kt\u00f3rych my\u015bl\u0105 przewodni\u0105 by\u0142o znaczenie s\u0142\u00f3w w \u017cyciu ludzi, bo s\u0142owa mog\u0105 rani\u0107, ale te\u017c \u0142\u0105czy\u0107, koi\u0107 cierpienie, tworzy\u0107 wi\u0119zi. Teksty piosenek poruszy\u0142y nasze serca, a muzyka, skomponowana przez Szymona Kami\u0144skiego, ukoi\u0142a nasze dusze.<\/p>\n\n\n\n<figure class=\"wp-block-image aligncenter size-large is-resized\"><img loading=\"lazy\" decoding=\"async\" width=\"1024\" height=\"714\" src=\"https:\/\/uniwersytet.krokowa.pl\/wp-content\/uploads\/2025\/10\/84a67050-098f-4217-a0ce-bd59abe6e12211-1024x714.jpg\" alt=\"\" class=\"wp-image-2317\" style=\"width:715px;height:auto\" srcset=\"https:\/\/uniwersytet.krokowa.pl\/wp-content\/uploads\/2025\/10\/84a67050-098f-4217-a0ce-bd59abe6e12211-1024x714.jpg 1024w, https:\/\/uniwersytet.krokowa.pl\/wp-content\/uploads\/2025\/10\/84a67050-098f-4217-a0ce-bd59abe6e12211-300x209.jpg 300w, https:\/\/uniwersytet.krokowa.pl\/wp-content\/uploads\/2025\/10\/84a67050-098f-4217-a0ce-bd59abe6e12211-768x536.jpg 768w, https:\/\/uniwersytet.krokowa.pl\/wp-content\/uploads\/2025\/10\/84a67050-098f-4217-a0ce-bd59abe6e12211-1536x1072.jpg 1536w, https:\/\/uniwersytet.krokowa.pl\/wp-content\/uploads\/2025\/10\/84a67050-098f-4217-a0ce-bd59abe6e12211-392x272.jpg 392w, https:\/\/uniwersytet.krokowa.pl\/wp-content\/uploads\/2025\/10\/84a67050-098f-4217-a0ce-bd59abe6e12211-130x90.jpg 130w, https:\/\/uniwersytet.krokowa.pl\/wp-content\/uploads\/2025\/10\/84a67050-098f-4217-a0ce-bd59abe6e12211.jpg 1631w\" sizes=\"auto, (max-width: 1024px) 100vw, 1024px\" \/><\/figure>\n\n\n\n<p>Poczuli\u015bmy szczeg\u00f3ln\u0105 wi\u0119\u017a z tymi m\u0142odymi, jak\u017ce wspania\u0142ymi muzykami, i z wielk\u0105 przyjemno\u015bci\u0105  powitamy ich w naszym gronie, kiedy przyjdzie na to czas (zgodnie z deklaracj\u0105 wokalisty).<\/p>\n\n\n\n<figure class=\"wp-block-image aligncenter size-large is-resized\"><img loading=\"lazy\" decoding=\"async\" width=\"1024\" height=\"576\" src=\"https:\/\/uniwersytet.krokowa.pl\/wp-content\/uploads\/2025\/10\/img-20251003-wa0008-1024x576.jpg\" alt=\"\" class=\"wp-image-2318\" style=\"width:579px;height:auto\" srcset=\"https:\/\/uniwersytet.krokowa.pl\/wp-content\/uploads\/2025\/10\/img-20251003-wa0008-1024x576.jpg 1024w, https:\/\/uniwersytet.krokowa.pl\/wp-content\/uploads\/2025\/10\/img-20251003-wa0008-300x169.jpg 300w, https:\/\/uniwersytet.krokowa.pl\/wp-content\/uploads\/2025\/10\/img-20251003-wa0008-768x432.jpg 768w, https:\/\/uniwersytet.krokowa.pl\/wp-content\/uploads\/2025\/10\/img-20251003-wa0008-1536x864.jpg 1536w, https:\/\/uniwersytet.krokowa.pl\/wp-content\/uploads\/2025\/10\/img-20251003-wa0008.jpg 1600w\" sizes=\"auto, (max-width: 1024px) 100vw, 1024px\" \/><\/figure>\n\n\n\n<p>Nie musimy dodawa\u0107, \u017ce nasze kole\u017canki przygotowa\u0142y przepyszny pocz\u0119stunek w postaci wykwintnych ciast, by\u0142a oczywi\u015bcie kawa i herbata. Dzi\u0119ki temu nieformalne rozmowy trwa\u0142y naprawd\u0119 jeszcze d\u0142ugo. <\/p>\n\n\n\n<figure class=\"wp-block-image size-large\"><img loading=\"lazy\" decoding=\"async\" width=\"1024\" height=\"576\" src=\"https:\/\/uniwersytet.krokowa.pl\/wp-content\/uploads\/2025\/10\/img-20251003-wa0006-1024x576.jpg\" alt=\"\" class=\"wp-image-2319\" srcset=\"https:\/\/uniwersytet.krokowa.pl\/wp-content\/uploads\/2025\/10\/img-20251003-wa0006-1024x576.jpg 1024w, https:\/\/uniwersytet.krokowa.pl\/wp-content\/uploads\/2025\/10\/img-20251003-wa0006-300x169.jpg 300w, https:\/\/uniwersytet.krokowa.pl\/wp-content\/uploads\/2025\/10\/img-20251003-wa0006-768x432.jpg 768w, https:\/\/uniwersytet.krokowa.pl\/wp-content\/uploads\/2025\/10\/img-20251003-wa0006-1536x864.jpg 1536w, https:\/\/uniwersytet.krokowa.pl\/wp-content\/uploads\/2025\/10\/img-20251003-wa0006.jpg 1600w\" sizes=\"auto, (max-width: 1024px) 100vw, 1024px\" \/><\/figure>\n\n\n\n<p><\/p>\n","protected":false},"excerpt":{"rendered":"<p>Pierwszego pa\u017adziernika 2025 r., akurat w \u015brod\u0119, wraz z pozosta\u0142ymi studentami w Polsce uroczy\u015bcie inaugurowali\u015bmy nowy rok akademicki. Cz\u0119\u015b\u0107 oficjalna<\/p>\n","protected":false},"author":1,"featured_media":0,"comment_status":"closed","ping_status":"","sticky":false,"template":"","format":"standard","meta":{"colormag_page_container_layout":"default_layout","colormag_page_sidebar_layout":"default_layout","footnotes":""},"categories":[5],"tags":[],"class_list":["post-2313","post","type-post","status-publish","format-standard","hentry","category-wydarzenia"],"_links":{"self":[{"href":"https:\/\/uniwersytet.krokowa.pl\/index.php?rest_route=\/wp\/v2\/posts\/2313","targetHints":{"allow":["GET"]}}],"collection":[{"href":"https:\/\/uniwersytet.krokowa.pl\/index.php?rest_route=\/wp\/v2\/posts"}],"about":[{"href":"https:\/\/uniwersytet.krokowa.pl\/index.php?rest_route=\/wp\/v2\/types\/post"}],"author":[{"embeddable":true,"href":"https:\/\/uniwersytet.krokowa.pl\/index.php?rest_route=\/wp\/v2\/users\/1"}],"replies":[{"embeddable":true,"href":"https:\/\/uniwersytet.krokowa.pl\/index.php?rest_route=%2Fwp%2Fv2%2Fcomments&post=2313"}],"version-history":[{"count":4,"href":"https:\/\/uniwersytet.krokowa.pl\/index.php?rest_route=\/wp\/v2\/posts\/2313\/revisions"}],"predecessor-version":[{"id":2323,"href":"https:\/\/uniwersytet.krokowa.pl\/index.php?rest_route=\/wp\/v2\/posts\/2313\/revisions\/2323"}],"wp:attachment":[{"href":"https:\/\/uniwersytet.krokowa.pl\/index.php?rest_route=%2Fwp%2Fv2%2Fmedia&parent=2313"}],"wp:term":[{"taxonomy":"category","embeddable":true,"href":"https:\/\/uniwersytet.krokowa.pl\/index.php?rest_route=%2Fwp%2Fv2%2Fcategories&post=2313"},{"taxonomy":"post_tag","embeddable":true,"href":"https:\/\/uniwersytet.krokowa.pl\/index.php?rest_route=%2Fwp%2Fv2%2Ftags&post=2313"}],"curies":[{"name":"wp","href":"https:\/\/api.w.org\/{rel}","templated":true}]}}