{"id":2163,"date":"2025-04-24T14:46:03","date_gmt":"2025-04-24T14:46:03","guid":{"rendered":"https:\/\/uniwersytet.krokowa.pl\/?p=2163"},"modified":"2025-04-28T20:57:04","modified_gmt":"2025-04-28T20:57:04","slug":"projekcja-filmu-gryf-pomorski-zapomniani-bohaterowie","status":"publish","type":"post","link":"https:\/\/uniwersytet.krokowa.pl\/?p=2163","title":{"rendered":"Projekcja filmu &#8222;GRYF POMORSKI. Zapomniani Bohaterowie.&#8221;"},"content":{"rendered":"\n<p>Dnia 9 kwietnia spotkali\u015bmy si\u0119 w \u015bwietlicy w Minkowicach, by obejrze\u0107 film o bohaterach nale\u017c\u0105cych do organizacji Gryf Pomorski. <\/p>\n\n\n\n<figure class=\"wp-block-image size-large is-resized\"><img loading=\"lazy\" decoding=\"async\" width=\"771\" height=\"1024\" src=\"https:\/\/uniwersytet.krokowa.pl\/wp-content\/uploads\/2025\/04\/1745501911147-1-771x1024.jpg\" alt=\"\" class=\"wp-image-2165\" style=\"width:398px;height:auto\" srcset=\"https:\/\/uniwersytet.krokowa.pl\/wp-content\/uploads\/2025\/04\/1745501911147-1-771x1024.jpg 771w, https:\/\/uniwersytet.krokowa.pl\/wp-content\/uploads\/2025\/04\/1745501911147-1-226x300.jpg 226w, https:\/\/uniwersytet.krokowa.pl\/wp-content\/uploads\/2025\/04\/1745501911147-1-768x1020.jpg 768w, https:\/\/uniwersytet.krokowa.pl\/wp-content\/uploads\/2025\/04\/1745501911147-1-1157x1536.jpg 1157w, https:\/\/uniwersytet.krokowa.pl\/wp-content\/uploads\/2025\/04\/1745501911147-1-1542x2048.jpg 1542w, https:\/\/uniwersytet.krokowa.pl\/wp-content\/uploads\/2025\/04\/1745501911147-1-scaled.jpg 1928w\" sizes=\"auto, (max-width: 771px) 100vw, 771px\" \/><\/figure>\n\n\n\n<p>TOW Gryf Pomorski w szczytowym momencie liczy\u0142 nawet 18 tysi\u0119cy os\u00f3b zaanga\u017cowanych &#8211; w r\u00f3\u017cnym stopniu i w r\u00f3\u017cnym zakresie &#8211; w walk\u0119 z hitlerowskim okupantem. <\/p>\n\n\n\n<p>Wielu z nich zosta\u0142o uwi\u0119zionych za swoj\u0105 dzia\u0142alno\u015b\u0107 m.in. w obozie koncentracyjnym Stutthof.<\/p>\n\n\n\n<p>Film \u201eGryf Pomorski. Zapomniani Bohaterowie\u201d zosta\u0142 udost\u0119pniony przez Fundacj\u0119 OKO- LICE KULTURY.<\/p>\n\n\n\n<p>Tre\u015bci obejrzanego dokumentu uzupe\u0142ni\u0142a ciekawymi wspomnieniami z czas\u00f3w wojny jedna z naszych s\u0142uchaczek, pani <strong>Marianna Styn<\/strong>.<\/p>\n\n\n\n<p class=\"has-small-font-size\"><\/p>\n\n\n\n<figure class=\"wp-block-image aligncenter size-full is-style-rounded\"><img loading=\"lazy\" decoding=\"async\" width=\"345\" height=\"618\" src=\"https:\/\/uniwersytet.krokowa.pl\/wp-content\/uploads\/2025\/04\/1745501911115-8.jpg\" alt=\"\" class=\"wp-image-2180\" srcset=\"https:\/\/uniwersytet.krokowa.pl\/wp-content\/uploads\/2025\/04\/1745501911115-8.jpg 345w, https:\/\/uniwersytet.krokowa.pl\/wp-content\/uploads\/2025\/04\/1745501911115-8-167x300.jpg 167w\" sizes=\"auto, (max-width: 345px) 100vw, 345px\" \/><\/figure>\n\n\n\n<p class=\"has-medium-font-size\"><\/p>\n\n\n\n<p class=\"has-small-font-size\"><\/p>\n\n\n\n<p><\/p>\n","protected":false},"excerpt":{"rendered":"<p>Dnia 9 kwietnia spotkali\u015bmy si\u0119 w \u015bwietlicy w Minkowicach, by obejrze\u0107 film o bohaterach nale\u017c\u0105cych do organizacji Gryf Pomorski. TOW<\/p>\n","protected":false},"author":1,"featured_media":0,"comment_status":"closed","ping_status":"closed","sticky":false,"template":"","format":"standard","meta":{"colormag_page_container_layout":"default_layout","colormag_page_sidebar_layout":"default_layout","footnotes":""},"categories":[5],"tags":[],"class_list":["post-2163","post","type-post","status-publish","format-standard","hentry","category-wydarzenia"],"_links":{"self":[{"href":"https:\/\/uniwersytet.krokowa.pl\/index.php?rest_route=\/wp\/v2\/posts\/2163","targetHints":{"allow":["GET"]}}],"collection":[{"href":"https:\/\/uniwersytet.krokowa.pl\/index.php?rest_route=\/wp\/v2\/posts"}],"about":[{"href":"https:\/\/uniwersytet.krokowa.pl\/index.php?rest_route=\/wp\/v2\/types\/post"}],"author":[{"embeddable":true,"href":"https:\/\/uniwersytet.krokowa.pl\/index.php?rest_route=\/wp\/v2\/users\/1"}],"replies":[{"embeddable":true,"href":"https:\/\/uniwersytet.krokowa.pl\/index.php?rest_route=%2Fwp%2Fv2%2Fcomments&post=2163"}],"version-history":[{"count":4,"href":"https:\/\/uniwersytet.krokowa.pl\/index.php?rest_route=\/wp\/v2\/posts\/2163\/revisions"}],"predecessor-version":[{"id":2183,"href":"https:\/\/uniwersytet.krokowa.pl\/index.php?rest_route=\/wp\/v2\/posts\/2163\/revisions\/2183"}],"wp:attachment":[{"href":"https:\/\/uniwersytet.krokowa.pl\/index.php?rest_route=%2Fwp%2Fv2%2Fmedia&parent=2163"}],"wp:term":[{"taxonomy":"category","embeddable":true,"href":"https:\/\/uniwersytet.krokowa.pl\/index.php?rest_route=%2Fwp%2Fv2%2Fcategories&post=2163"},{"taxonomy":"post_tag","embeddable":true,"href":"https:\/\/uniwersytet.krokowa.pl\/index.php?rest_route=%2Fwp%2Fv2%2Ftags&post=2163"}],"curies":[{"name":"wp","href":"https:\/\/api.w.org\/{rel}","templated":true}]}}