{"id":2152,"date":"2025-04-06T09:49:28","date_gmt":"2025-04-06T09:49:28","guid":{"rendered":"https:\/\/uniwersytet.krokowa.pl\/?p=2152"},"modified":"2025-04-06T10:06:41","modified_gmt":"2025-04-06T10:06:41","slug":"spotkanie-z-literatura-poludniowokoreanska","status":"publish","type":"post","link":"https:\/\/uniwersytet.krokowa.pl\/?p=2152","title":{"rendered":"Spotkanie z literatur\u0105 po\u0142udniowokorea\u0144sk\u0105"},"content":{"rendered":"\n<p>W dniu 12 marca wyk\u0142ad poprowadzi\u0142a kustosz Gminnej Biblioteki Publicznej w Krokowej p. Emilia Baran, prywatnie pasjonatka kultury i literatury po\u0142udniowokorea\u0144skiej. Dzi\u0119ki niej przez ponad godzin\u0119 przebywali\u015bmy w \u015bwiecie nie tylko ksi\u0105\u017cek ale i 3-k czyli korea\u0144skich seriali, kosmetyk\u00f3w i muzyki. Obejrzeli\u015bmy intryguj\u0105c\u0105 prezentacj\u0119 multimedialn\u0105. Mogli\u015bmy zapozna\u0107 si\u0119 z kilkunastoma ksi\u0105\u017ckami, kt\u00f3re na co dzie\u0144 przebywaj\u0105 w naszej bibliotece \/lub u czytelnik\u00f3w\/, przywiezionymi specjalnie dla nas do \u015bwietlicy w Minkowicach. By\u0142o to tak emocjonuj\u0105ce wydarzenie, \u017ce zapomnieli\u015bmy o zrobieniu zdj\u0119\u0107 &#8211; dlatego zamiast nich za\u0142\u0105czany kilka link\u00f3w. Zapraszamy tak\u017ce wszystkich do odwiedzenia naszej biblioteki, znajdziecie w niej bogat\u0105 kolekcj\u0119 dzie\u0142 autor\u00f3w z Korei Po\u0142udniowej.<\/p>\n\n\n\n<p><\/p>\n\n\n\n<p><a href=\"https:\/\/www.youtube.com\/watch?v=WoAPN9j1c-k\" data-type=\"link\" data-id=\"https:\/\/www.youtube.com\/watch?v=WoAPN9j1c-k\">https:\/\/www.youtube.com\/watch?v=WoAPN9j1c-k<\/a><\/p>\n\n\n\n<p><a href=\"https:\/\/tajfuny.pl\/autor\/han-kang\/\" data-type=\"link\" data-id=\"https:\/\/tajfuny.pl\/autor\/han-kang\/\">https:\/\/tajfuny.pl\/autor\/han-kang\/<\/a><\/p>\n\n\n\n<figure class=\"wp-block-embed is-type-video is-provider-youtube wp-block-embed-youtube\"><div class=\"wp-block-embed__wrapper\">\n<iframe loading=\"lazy\" title=\"CIEMNA STRONA K-POPU. Prawdziwe oblicze przemys\u0142u k-popowego w Korei.\" width=\"800\" height=\"450\" src=\"https:\/\/www.youtube.com\/embed\/EpaTO-CuWpE?feature=oembed\" frameborder=\"0\" allow=\"accelerometer; autoplay; clipboard-write; encrypted-media; gyroscope; picture-in-picture; web-share\" referrerpolicy=\"strict-origin-when-cross-origin\" allowfullscreen><\/iframe>\n<\/div><\/figure>\n\n\n\n<p><\/p>\n\n\n\n<p><\/p>\n\n\n\n<p><\/p>\n\n\n\n<p><\/p>\n","protected":false},"excerpt":{"rendered":"<p>W dniu 12 marca wyk\u0142ad poprowadzi\u0142a kustosz Gminnej Biblioteki Publicznej w Krokowej p. Emilia Baran, prywatnie pasjonatka kultury i literatury<\/p>\n","protected":false},"author":1,"featured_media":0,"comment_status":"closed","ping_status":"closed","sticky":false,"template":"","format":"standard","meta":{"colormag_page_container_layout":"default_layout","colormag_page_sidebar_layout":"default_layout","footnotes":""},"categories":[5],"tags":[],"class_list":["post-2152","post","type-post","status-publish","format-standard","hentry","category-wydarzenia"],"_links":{"self":[{"href":"https:\/\/uniwersytet.krokowa.pl\/index.php?rest_route=\/wp\/v2\/posts\/2152","targetHints":{"allow":["GET"]}}],"collection":[{"href":"https:\/\/uniwersytet.krokowa.pl\/index.php?rest_route=\/wp\/v2\/posts"}],"about":[{"href":"https:\/\/uniwersytet.krokowa.pl\/index.php?rest_route=\/wp\/v2\/types\/post"}],"author":[{"embeddable":true,"href":"https:\/\/uniwersytet.krokowa.pl\/index.php?rest_route=\/wp\/v2\/users\/1"}],"replies":[{"embeddable":true,"href":"https:\/\/uniwersytet.krokowa.pl\/index.php?rest_route=%2Fwp%2Fv2%2Fcomments&post=2152"}],"version-history":[{"count":6,"href":"https:\/\/uniwersytet.krokowa.pl\/index.php?rest_route=\/wp\/v2\/posts\/2152\/revisions"}],"predecessor-version":[{"id":2159,"href":"https:\/\/uniwersytet.krokowa.pl\/index.php?rest_route=\/wp\/v2\/posts\/2152\/revisions\/2159"}],"wp:attachment":[{"href":"https:\/\/uniwersytet.krokowa.pl\/index.php?rest_route=%2Fwp%2Fv2%2Fmedia&parent=2152"}],"wp:term":[{"taxonomy":"category","embeddable":true,"href":"https:\/\/uniwersytet.krokowa.pl\/index.php?rest_route=%2Fwp%2Fv2%2Fcategories&post=2152"},{"taxonomy":"post_tag","embeddable":true,"href":"https:\/\/uniwersytet.krokowa.pl\/index.php?rest_route=%2Fwp%2Fv2%2Ftags&post=2152"}],"curies":[{"name":"wp","href":"https:\/\/api.w.org\/{rel}","templated":true}]}}