{"id":2132,"date":"2025-03-18T16:36:33","date_gmt":"2025-03-18T16:36:33","guid":{"rendered":"https:\/\/uniwersytet.krokowa.pl\/?p=2132"},"modified":"2025-03-20T11:10:30","modified_gmt":"2025-03-20T11:10:30","slug":"studentki-i-studenci-na-iii-marszu-nordic-walking-z-okazji-dnia-kobiet-w-debkach","status":"publish","type":"post","link":"https:\/\/uniwersytet.krokowa.pl\/?p=2132","title":{"rendered":"Studentki i studenci na III Marszu Nordic Walking z okazji Dnia Kobiet w D\u0119bkach"},"content":{"rendered":"\n<p>O godzinie 12.00 w niedziel\u0119, 16 marca 2025 r. na starcie Marszu z okazji Dnia Kobiet stawi\u0142a si\u0119 liczna grupa reprezentuj\u0105ca nasz Uniwersytet.<\/p>\n\n\n\n<p>Z wielk\u0105 ochot\u0105 ruszyli\u015bmy, wybieraj\u0105c tras\u0119 na 6 km lub 9 km. Albo po prostu spacer w towarzystwie kole\u017canek.<\/p>\n\n\n\n<p>Pogoda by\u0142a nieco kapry\u015bna, czasem pada\u0142 deszcz, a czasem \u015bwieci\u0142o s\u0142o\u0144ce&#8230;. Nam dopisywa\u0142y humory i si\u0142y.<\/p>\n\n\n\n<p>Wszyscy dotarli na met\u0119.<\/p>\n\n\n\n<p>A tam czeka\u0142 na nas pocz\u0119stunek \/ pyszna zupa pomidorowa, chleb ze smalcem i og\u00f3rkiem, kawa, herbata \/ przygotowany przez ZKP Krokowa.<\/p>\n\n\n\n<p>I oczywi\u015bcie emocjonuj\u0105ce losowanie nagr\u00f3d!!!<\/p>\n\n\n\n<p>Brali\u015bmy udzia\u0142 w Marszu ju\u017c po raz trzeci &#8211; i cieszymy si\u0119, \u017ce przybywa ch\u0119tnych nie tylko w\u015br\u00f3d naszych studentek i student\u00f3w.<\/p>\n\n\n\n<p>W tym roku w wydarzeniu bra\u0142o udzia\u0142 oko\u0142o 250 os\u00f3b.<\/p>\n\n\n\n<figure class=\"wp-block-gallery has-nested-images columns-default is-cropped wp-block-gallery-1 is-layout-flex wp-block-gallery-is-layout-flex\">\n<figure class=\"wp-block-image size-full\"><img loading=\"lazy\" decoding=\"async\" width=\"1200\" height=\"1600\" data-id=\"2133\" src=\"https:\/\/uniwersytet.krokowa.pl\/wp-content\/uploads\/2025\/03\/1742312689536.jpg\" alt=\"Nasza grupa\" class=\"wp-image-2133\" srcset=\"https:\/\/uniwersytet.krokowa.pl\/wp-content\/uploads\/2025\/03\/1742312689536.jpg 1200w, https:\/\/uniwersytet.krokowa.pl\/wp-content\/uploads\/2025\/03\/1742312689536-225x300.jpg 225w, https:\/\/uniwersytet.krokowa.pl\/wp-content\/uploads\/2025\/03\/1742312689536-768x1024.jpg 768w, https:\/\/uniwersytet.krokowa.pl\/wp-content\/uploads\/2025\/03\/1742312689536-1152x1536.jpg 1152w\" sizes=\"auto, (max-width: 1200px) 100vw, 1200px\" \/><figcaption class=\"wp-element-caption\">Nasza silna grupa!!!<\/figcaption><\/figure>\n<\/figure>\n\n\n\n<figure class=\"wp-block-gallery has-nested-images columns-default is-cropped wp-block-gallery-2 is-layout-flex wp-block-gallery-is-layout-flex\"><\/figure>\n\n\n\n<p><\/p>\n","protected":false},"excerpt":{"rendered":"<p>O godzinie 12.00 w niedziel\u0119, 16 marca 2025 r. na starcie Marszu z okazji Dnia Kobiet stawi\u0142a si\u0119 liczna grupa<\/p>\n","protected":false},"author":1,"featured_media":0,"comment_status":"closed","ping_status":"closed","sticky":false,"template":"","format":"standard","meta":{"colormag_page_container_layout":"default_layout","colormag_page_sidebar_layout":"default_layout","footnotes":""},"categories":[5],"tags":[],"class_list":["post-2132","post","type-post","status-publish","format-standard","hentry","category-wydarzenia"],"_links":{"self":[{"href":"https:\/\/uniwersytet.krokowa.pl\/index.php?rest_route=\/wp\/v2\/posts\/2132","targetHints":{"allow":["GET"]}}],"collection":[{"href":"https:\/\/uniwersytet.krokowa.pl\/index.php?rest_route=\/wp\/v2\/posts"}],"about":[{"href":"https:\/\/uniwersytet.krokowa.pl\/index.php?rest_route=\/wp\/v2\/types\/post"}],"author":[{"embeddable":true,"href":"https:\/\/uniwersytet.krokowa.pl\/index.php?rest_route=\/wp\/v2\/users\/1"}],"replies":[{"embeddable":true,"href":"https:\/\/uniwersytet.krokowa.pl\/index.php?rest_route=%2Fwp%2Fv2%2Fcomments&post=2132"}],"version-history":[{"count":5,"href":"https:\/\/uniwersytet.krokowa.pl\/index.php?rest_route=\/wp\/v2\/posts\/2132\/revisions"}],"predecessor-version":[{"id":2142,"href":"https:\/\/uniwersytet.krokowa.pl\/index.php?rest_route=\/wp\/v2\/posts\/2132\/revisions\/2142"}],"wp:attachment":[{"href":"https:\/\/uniwersytet.krokowa.pl\/index.php?rest_route=%2Fwp%2Fv2%2Fmedia&parent=2132"}],"wp:term":[{"taxonomy":"category","embeddable":true,"href":"https:\/\/uniwersytet.krokowa.pl\/index.php?rest_route=%2Fwp%2Fv2%2Fcategories&post=2132"},{"taxonomy":"post_tag","embeddable":true,"href":"https:\/\/uniwersytet.krokowa.pl\/index.php?rest_route=%2Fwp%2Fv2%2Ftags&post=2132"}],"curies":[{"name":"wp","href":"https:\/\/api.w.org\/{rel}","templated":true}]}}