{"id":2039,"date":"2024-11-05T20:23:56","date_gmt":"2024-11-05T20:23:56","guid":{"rendered":"https:\/\/uniwersytet.krokowa.pl\/?p=2039"},"modified":"2024-11-05T22:03:22","modified_gmt":"2024-11-05T22:03:22","slug":"wycieczka-szlakiem-dworow-i-palacow","status":"publish","type":"post","link":"https:\/\/uniwersytet.krokowa.pl\/?p=2039","title":{"rendered":"Wjazd edukacyjny &#8222;Szlakiem  Dwor\u00f3w i Pa\u0142ac\u00f3w&#8221;"},"content":{"rendered":"\n<p>W s\u0142oneczny pi\u0105tek 18 pa\u017adziernika o godzinie 8.00 wyruszyli\u015bmy autokarem po Szlaku Dwor\u00f3w i Pa\u0142ac\u00f3w.Tym razem wybrali\u015bmy wejherowski szlak dwor\u00f3w i pa\u0142ac\u00f3w .Przewodnikiem na ca\u0142ej trasie by\u0142 Radek Kami\u0144ski,kt\u00f3ry z ogromn\u0105 wiedz\u0105 i pasj\u0105 realizowa\u0142 program .Pierwszy na trasie by\u0142 Dom Drzewiarza w Go\u015bcicinie,nast\u0119pnie pa\u0142ac w God\u0119towie.Na pyszny pocz\u0119stunek kawowy udali\u015bmy si\u0119 do Gospodarstwa Agroturystycznego w Go\u015bci\u0119cinie.Kolejno zwiedzali\u015bmy pa\u0142ac w Zwartowie,Borkowie,Bork\u00f3wku, i Jackowie.Wsp\u00f3lny obiad zjedli\u015bmy w restauracji &#8222;Sami Swoi&#8221; w Sasinie.Ostatnim dworkiem na szlaku by\u0142 dworek w Salinie. Ju\u017c wiemy,\u017ce chcemy zwiedza\u0107 kolejne szlaki z doskona\u0142ym przewodnikiem Radkiem Kami\u0144skim, czyli do zobaczenia .<\/p>\n\n\n\n<figure class=\"wp-block-image size-large\"><img loading=\"lazy\" decoding=\"async\" width=\"1024\" height=\"576\" src=\"https:\/\/uniwersytet.krokowa.pl\/wp-content\/uploads\/2024\/11\/IMG_3265-1024x576.jpeg\" alt=\"\" class=\"wp-image-2040\" srcset=\"https:\/\/uniwersytet.krokowa.pl\/wp-content\/uploads\/2024\/11\/IMG_3265-1024x576.jpeg 1024w, https:\/\/uniwersytet.krokowa.pl\/wp-content\/uploads\/2024\/11\/IMG_3265-300x169.jpeg 300w, https:\/\/uniwersytet.krokowa.pl\/wp-content\/uploads\/2024\/11\/IMG_3265-768x432.jpeg 768w, https:\/\/uniwersytet.krokowa.pl\/wp-content\/uploads\/2024\/11\/IMG_3265-1536x864.jpeg 1536w, https:\/\/uniwersytet.krokowa.pl\/wp-content\/uploads\/2024\/11\/IMG_3265-2048x1152.jpeg 2048w\" sizes=\"auto, (max-width: 1024px) 100vw, 1024px\" \/><\/figure>\n","protected":false},"excerpt":{"rendered":"<p>W s\u0142oneczny pi\u0105tek 18 pa\u017adziernika o godzinie 8.00 wyruszyli\u015bmy autokarem po Szlaku Dwor\u00f3w i Pa\u0142ac\u00f3w.Tym razem wybrali\u015bmy wejherowski szlak dwor\u00f3w<\/p>\n","protected":false},"author":3,"featured_media":0,"comment_status":"closed","ping_status":"closed","sticky":false,"template":"","format":"standard","meta":{"colormag_page_container_layout":"default_layout","colormag_page_sidebar_layout":"default_layout","footnotes":""},"categories":[5],"tags":[],"class_list":["post-2039","post","type-post","status-publish","format-standard","hentry","category-wydarzenia"],"_links":{"self":[{"href":"https:\/\/uniwersytet.krokowa.pl\/index.php?rest_route=\/wp\/v2\/posts\/2039","targetHints":{"allow":["GET"]}}],"collection":[{"href":"https:\/\/uniwersytet.krokowa.pl\/index.php?rest_route=\/wp\/v2\/posts"}],"about":[{"href":"https:\/\/uniwersytet.krokowa.pl\/index.php?rest_route=\/wp\/v2\/types\/post"}],"author":[{"embeddable":true,"href":"https:\/\/uniwersytet.krokowa.pl\/index.php?rest_route=\/wp\/v2\/users\/3"}],"replies":[{"embeddable":true,"href":"https:\/\/uniwersytet.krokowa.pl\/index.php?rest_route=%2Fwp%2Fv2%2Fcomments&post=2039"}],"version-history":[{"count":6,"href":"https:\/\/uniwersytet.krokowa.pl\/index.php?rest_route=\/wp\/v2\/posts\/2039\/revisions"}],"predecessor-version":[{"id":2049,"href":"https:\/\/uniwersytet.krokowa.pl\/index.php?rest_route=\/wp\/v2\/posts\/2039\/revisions\/2049"}],"wp:attachment":[{"href":"https:\/\/uniwersytet.krokowa.pl\/index.php?rest_route=%2Fwp%2Fv2%2Fmedia&parent=2039"}],"wp:term":[{"taxonomy":"category","embeddable":true,"href":"https:\/\/uniwersytet.krokowa.pl\/index.php?rest_route=%2Fwp%2Fv2%2Fcategories&post=2039"},{"taxonomy":"post_tag","embeddable":true,"href":"https:\/\/uniwersytet.krokowa.pl\/index.php?rest_route=%2Fwp%2Fv2%2Ftags&post=2039"}],"curies":[{"name":"wp","href":"https:\/\/api.w.org\/{rel}","templated":true}]}}